{"id":416,"date":"2024-12-23T19:53:50","date_gmt":"2024-12-23T19:53:50","guid":{"rendered":"https:\/\/integrorienta.it\/?p=416"},"modified":"2025-01-12T19:56:14","modified_gmt":"2025-01-12T19:56:14","slug":"il-progetto-donne-avanti-t-a-i-toward-artificial-intelligence-ha-preso-il-via-nuove-opportunita-per-linclusione-sociale-e-lavorativa-delle-donne","status":"publish","type":"post","link":"https:\/\/integrorienta.it\/index.php\/2024\/12\/23\/il-progetto-donne-avanti-t-a-i-toward-artificial-intelligence-ha-preso-il-via-nuove-opportunita-per-linclusione-sociale-e-lavorativa-delle-donne\/","title":{"rendered":"Il Progetto Donne Avanti T.A.I. &#8211; Toward Artificial Intelligence ha preso il via: nuove opportunit\u00e0 per l&#8217;inclusione sociale e lavorativa delle donne"},"content":{"rendered":"<p class=\"p2\">Il 9 dicembre sono iniziati ufficialmente i corsi del <b>Progetto Donne Avanti <\/b><b>T.A.I. &#8211; Toward Artificial Intelligence<\/b>, un&#8217;importante iniziativa che si propone di promuovere l&#8217;inclusione sociale e lavorativa delle donne di et\u00e0 compresa tra i 34 e i 50 anni che si trovano ai margini del mercato del lavoro.<\/p>\n<p class=\"p2\">I corsi si svolgono presso la sede di <b>INPRIMIS Formazione<\/b>, a Ragusa, dove le partecipanti hanno iniziato un percorso che punta a trasformare il loro futuro professionale e personale.<\/p>\n<p class=\"p2\"><b>Un progetto sostenuto dal Fondo per la Repubblica Digitale<\/b><\/p>\n<p class=\"p2\">Questo progetto \u00e8 stato selezionato e sostenuto dal <b>Fondo per la <\/b><b>Repubblica Digitale &#8211; Impresa Sociale<\/b>, una realt\u00e0 che supporta iniziative innovative finalizzate al sostegno sulla formazione digitale, l\u2019acquisizione delle di queste competenze e la transizione digitale del Paese.<\/p>\n<p class=\"p2\">L\u2019obiettivo \u00e8 <b>Donne Avanti T.A.I.<\/b> rappresenta un modello sperimentale pensato per fornire alle donne competenze chiave nel settore informatico e digitale, rispondendo alle esigenze di un mercato del lavoro in continua evoluzione.<\/p>\n<p class=\"p2\"><b>Formazione mirata per nuove competenze<\/b><\/p>\n<p class=\"p2\">Attualmente, nell\u2019ambito del progetto sono state attivate due classi che offrono percorsi formativi specifici e professionalizzanti:<\/p>\n<p class=\"p2\"><span class=\"s1\"><b>\u2022 <\/b><\/span><b>Corso di Operatore Informatico<\/b>: un programma pensato per fornire competenze di base e avanzate nell&#8217;uso di strumenti informatici, fondamentali in molti settori lavorativi.<\/p>\n<p class=\"p2\"><span class=\"s1\"><b>\u2022 <\/b><\/span><b>Corso di Addetto alla Creazione Grafica<\/b>: un&#8217;opportunit\u00e0 per sviluppare abilit\u00e0 nella progettazione grafica, un ambito sempre pi\u00f9 richiesto nel mondo digitale e creativo.<\/p>\n<p class=\"p2\">Entrambi i corsi sono strutturati per garantire alle partecipanti un apprendimento pratico e immediatamente spendibile sul mercato del lavoro.<\/p>\n<p class=\"p2\"><b>Innovazione e sperimentazione per il futuro delle donne<\/b><\/p>\n<p class=\"p2\">Il <b>Progetto Donne Avanti T.A.I.<\/b> si distingue per il suo approccio innovativo e sperimentale, puntando non solo a fornire competenze tecniche, ma anche a rafforzare la fiducia e l&#8217;autonomia delle partecipanti. Grazie a questo percorso, le donne coinvolte avranno la possibilit\u00e0 di svolgere uno stage e di accedere a nuove e importanti opportunit\u00e0 professionali, superando le barriere che le hanno finora tenute ai margini del mercato del lavoro.<\/p>\n<p class=\"p2\"><b>Inclusione sociale attraverso il digitale<\/b><\/p>\n<p class=\"p2\">L&#8217;obiettivo finale del progetto \u00e8 promuovere un&#8217;inclusione sociale che passi attraverso la formazione digitale, favorendo un cambiamento concreto e positivo nella vita delle partecipanti.<\/p>\n<p class=\"p2\">Con <b>Donne Avanti T.A.I.<\/b>, si gettano le basi per un futuro pi\u00f9 equo e inclusivo, dimostrando che l&#8217;innovazione e la formazione possono rappresentare una risposta concreta alle sfide del nostro tempo.<\/p>\n","protected":false},"excerpt":{"rendered":"<p>Il 9 dicembre sono iniziati ufficialmente i corsi del Progetto Donne Avanti T.A.I. &#8211; Toward Artificial Intelligence, un&#8217;importante iniziativa che si propone di promuovere l&#8217;inclusione sociale e lavorativa delle donne di et\u00e0 compresa tra i 34 e i 50 anni che si trovano ai margini del mercato del lavoro. I corsi si svolgono presso la [&hellip;]<\/p>\n","protected":false},"author":2,"featured_media":417,"comment_status":"open","ping_status":"open","sticky":false,"template":"","format":"standard","meta":{"_breakdance_hide_in_design_set":false,"_breakdance_tags":"","footnotes":""},"categories":[19,9],"tags":[],"class_list":["post-416","post","type-post","status-publish","format-standard","has-post-thumbnail","hentry","category-donne-avanti-news","category-news"],"_links":{"self":[{"href":"https:\/\/integrorienta.it\/index.php\/wp-json\/wp\/v2\/posts\/416","targetHints":{"allow":["GET"]}}],"collection":[{"href":"https:\/\/integrorienta.it\/index.php\/wp-json\/wp\/v2\/posts"}],"about":[{"href":"https:\/\/integrorienta.it\/index.php\/wp-json\/wp\/v2\/types\/post"}],"author":[{"embeddable":true,"href":"https:\/\/integrorienta.it\/index.php\/wp-json\/wp\/v2\/users\/2"}],"replies":[{"embeddable":true,"href":"https:\/\/integrorienta.it\/index.php\/wp-json\/wp\/v2\/comments?post=416"}],"version-history":[{"count":1,"href":"https:\/\/integrorienta.it\/index.php\/wp-json\/wp\/v2\/posts\/416\/revisions"}],"predecessor-version":[{"id":418,"href":"https:\/\/integrorienta.it\/index.php\/wp-json\/wp\/v2\/posts\/416\/revisions\/418"}],"wp:featuredmedia":[{"embeddable":true,"href":"https:\/\/integrorienta.it\/index.php\/wp-json\/wp\/v2\/media\/417"}],"wp:attachment":[{"href":"https:\/\/integrorienta.it\/index.php\/wp-json\/wp\/v2\/media?parent=416"}],"wp:term":[{"taxonomy":"category","embeddable":true,"href":"https:\/\/integrorienta.it\/index.php\/wp-json\/wp\/v2\/categories?post=416"},{"taxonomy":"post_tag","embeddable":true,"href":"https:\/\/integrorienta.it\/index.php\/wp-json\/wp\/v2\/tags?post=416"}],"curies":[{"name":"wp","href":"https:\/\/api.w.org\/{rel}","templated":true}]}}